{"id":931,"date":"2026-01-06T19:12:54","date_gmt":"2026-01-06T19:12:54","guid":{"rendered":"https:\/\/www.lois-guillermond.com\/non-categorise\/surfing-in-portugal-best-regions-waves-seasons\/"},"modified":"2026-02-23T14:42:42","modified_gmt":"2026-02-23T14:42:42","slug":"portugal","status":"publish","type":"post","link":"https:\/\/www.lois-guillermond.com\/fr\/surf-trips\/portugal\/","title":{"rendered":"Surfer au Portugal \u2013 Guide Complet des Meilleurs Spots, Saisons &#038; Vagues"},"content":{"rendered":"<p>Debout sur la plage de Supertubos \u00e0 regarder les tubes parfaits se d\u00e9rouler tandis que le WSL Championship Tour battait son plein, j&rsquo;ai enfin compris pourquoi le Portugal a gagn\u00e9 sa r\u00e9putation de capitale europ\u00e9enne du surf. Les 850 kilom\u00e8tres de c\u00f4tes portugaises d\u00e9livrent certaines des vagues les plus consistantes et puissantes du continent, ancr\u00e9es par des beach breaks l\u00e9gendaires, des reef breaks big wave dans la r\u00e9gion d&rsquo;Ericeira, et des houles atlantiques sauvages martelant les points rocheux de la Costa Vicentina. Le canyon sous-marin de Nazar\u00e9 canalise l&rsquo;\u00e9nergie de l&rsquo;Atlantique Nord directement sur des centaines de plages de sable de Peniche \u00e0 Sagres, cr\u00e9ant des barrels de classe mondiale qui accueillent des \u00e9v\u00e9nements WSL chaque automne. Avec des vagues toute l&rsquo;ann\u00e9e, une culture surf florissante remontant aux ann\u00e9es 1960, et tout, des beach breaks adapt\u00e9s aux d\u00e9butants aux slabs r\u00e9serv\u00e9s aux experts, le Portugal s&rsquo;impose comme l&rsquo;une des <a href=\"\/fr\/surf-trips\/meilleures-destinations-surf\/\">meilleures destinations surf au monde<\/a>.<\/p>\n<div style=\"background-color: #d4e9f0; border-left: 4px solid #CC0000; padding: 20px 24px; margin: 24px 0;\">\n<h2 style=\"margin-top: 0;\"><strong>Bon \u00e0 Savoir<\/strong><\/h2>\n<ul style=\"margin-bottom: 0;\">\n<li>\u2713 Septembre-octobre offre des conditions optimales : houles de 1-2,5 m, eau chaude (17-19\u00b0C), vents offshore, et \u00e9v\u00e9nements WSL Championship Tour<\/li>\n<li>\u2713 Le canyon de Nazar\u00e9 amplifie les houles cr\u00e9ant les vagues les plus puissantes d&rsquo;Europe (jusqu&rsquo;\u00e0 30 m en hiver)<\/li>\n<li>\u2713 Plus de 100 \u00e9coles de surf certifi\u00e9es sur trois c\u00f4tes distinctes servent tous les niveaux, des d\u00e9butants complets aux experts big wave<\/li>\n<li>\u2713 L&rsquo;automne combine conditions propres et foules mod\u00e9r\u00e9es tandis que l&rsquo;\u00e9t\u00e9 apporte des vagues plus petites mais des line-ups satur\u00e9s en haute saison<\/li>\n<\/ul>\n<\/div>\n<div style=\"background-color: #d4e9f0; border-left: 4px solid #CC0000; padding: 20px 24px; margin: 24px 0;\">\n<h2 style=\"margin-top: 0;\"><strong>Guide Surf Rapide \u2013 Portugal<\/strong><\/h2>\n<ul style=\"margin-bottom: 0;\">\n<li><strong>Meilleure saison :<\/strong> Septembre-octobre (interm\u00e9diaires \u00e0 confirm\u00e9s) ou juin-ao\u00fbt (d\u00e9butants)<\/li>\n<li><strong>Meilleurs spots d\u00e9butants :<\/strong> <a href=\"#cantinho\">Cantinho da Ba\u00eda<\/a>, <a href=\"#foz\">Foz do Lizandro<\/a>, <a href=\"#carcavelos\">Carcavelos<\/a>, <a href=\"#amado\">Amado<\/a>, <a href=\"#arrifana\">Arrifana<\/a><\/li>\n<li><strong>Meilleurs spots interm\u00e9diaires :<\/strong> <a href=\"#baleal\">Baleal<\/a>, <a href=\"#ribeira\">Ribeira d&rsquo;Ilhas<\/a>, <a href=\"#peniche\">Peniche<\/a>, <a href=\"#sagres\">Sagres<\/a>, <a href=\"#costa-caparica\">Costa da Caparica<\/a><\/li>\n<li><strong>Meilleurs spots avanc\u00e9s\/experts :<\/strong> <a href=\"#supertubos\">Supertubos<\/a>, <a href=\"#coxos\">Coxos<\/a>, <a href=\"#nazare\">Nazar\u00e9<\/a>, <a href=\"#cave\">Cave (Ericeira)<\/a><\/li>\n<li><strong>Types de vagues principaux :<\/strong> Beach breaks (c\u00f4te Atlantique), reef breaks et point breaks (Ericeira &amp; Algarve), big waves (Nazar\u00e9)<\/li>\n<li><strong>Temp\u00e9rature eau + combinaison :<\/strong> \u00c9t\u00e9 18-22\u00b0C (3\/2mm) ; Automne\/Printemps 16-18\u00b0C (3\/2mm \u00e0 4\/3mm) ; Hiver 14-16\u00b0C (4\/3mm \u00e0 5\/4mm + chaussons\/cagoule) ; Nord 2\u00b0C plus froid<\/li>\n<li><strong>Affluence :<\/strong> Tr\u00e8s \u00e9lev\u00e9e en \u00e9t\u00e9 sur spots c\u00e9l\u00e8bres ; mod\u00e9r\u00e9e en automne ; faible en hiver\/printemps et en Algarve toute l&rsquo;ann\u00e9e<\/li>\n<li><strong>Niveau de budget :<\/strong> 30-50\u20ac\/jour (budget) \u00e0 150\u20ac+\/jour (premium)<\/li>\n<\/ul>\n<\/div>\n<h2>Pourquoi Surfer au Portugal ?<\/h2>\n<h3>Les Vagues les Plus Consistantes d&rsquo;Europe<\/h3>\n<p>Le Portugal a gagn\u00e9 sa r\u00e9putation de capitale europ\u00e9enne du surf gr\u00e2ce \u00e0 une g\u00e9ographie, une consistance et une infrastructure que peu de destinations \u00e9galent. Apr\u00e8s avoir surf\u00e9 ici \u00e0 travers plusieurs saisons, j&rsquo;ai d\u00e9couvert que le littoral atlantique fait directement face aux trajectoires de temp\u00eates de l&rsquo;Atlantique Nord, garantissant une houle toute l&rsquo;ann\u00e9e avec l&rsquo;automne et l&rsquo;hiver apportant les vagues les plus puissantes. Contrairement \u00e0 de nombreuses zones de surf europ\u00e9ennes d\u00e9pendant de houles occasionnelles, la topographie sous-marine du Portugal\u2014particuli\u00e8rement le canyon profond de Nazar\u00e9\u2014amplifie l&rsquo;\u00e9nergie oc\u00e9anique et d\u00e9livre des vagues m\u00eame pendant les petites houles.<\/p>\n<h3>Culture Surf Enracin\u00e9e Depuis les Ann\u00e9es 1960<\/h3>\n<p>La culture surf du pays est profond\u00e9ment ancr\u00e9e, avec des pionniers portugais adoptant ce sport dans les ann\u00e9es 1960. Aujourd&rsquo;hui, cet h\u00e9ritage se traduit par des \u00e9coles de surf, des camps et une infrastructure retail de classe mondiale dans toutes les r\u00e9gions c\u00f4ti\u00e8res. Des marques de surf majeures comme Rip Curl organisent leur \u00e9v\u00e9nement phare MEO Rip Curl Pro \u00e0 Peniche, et les \u00e9v\u00e9nements WSL annuels continuent d&rsquo;attirer l&rsquo;attention mondiale sur des breaks comme Supertubos.<\/p>\n<h3>Diversit\u00e9 In\u00e9gal\u00e9e pour Tous les Niveaux<\/h3>\n<p>Ce qui distingue vraiment le Portugal, c&rsquo;est la diversit\u00e9. Les d\u00e9butants trouvent des rouleaux doux de 0,6-1 m sur des plages prot\u00e9g\u00e9es comme Cantinho da Ba\u00eda et Arrifana pendant les mois d&rsquo;\u00e9t\u00e9. Les interm\u00e9diaires progressent sur des beach breaks consistants de Peniche \u00e0 Ericeira. Les experts chassent des barrels creux \u00e0 Supertubos ou pagaient dans des reef breaks de 5+ m comme Coxos et les <a href=\"https:\/\/www.lois-guillermond.com\/fr\/surf-culture\/plus-grosses-vagues-monde\/\">g\u00e9antes de Nazar\u00e9.<\/a> Apr\u00e8s avoir explor\u00e9 ces r\u00e9gions en profondeur, j&rsquo;appr\u00e9cie comment cette gamme existe sur des distances de conduite relativement courtes\u2014vous pouvez \u00e9chantillonner plusieurs zones de surf en un seul voyage sans sessions de route marathon.<\/p>\n<p><img decoding=\"async\" src=\"https:\/\/cdn.shopify.com\/s\/files\/1\/0516\/6317\/5859\/files\/Surfing_in_portugal.jpg?v=1738507025\" alt=\"\"><\/p>\n<h2>Meilleurs Spots de Surf au Portugal par R\u00e9gion<\/h2>\n<h3>Nord du Portugal : Porto &amp; Viana do Castelo<\/h3>\n<p>La r\u00e9gion nord du Portugal est souvent n\u00e9glig\u00e9e par les surfeurs, mais j&rsquo;ai d\u00e9couvert des spots authentiques avec moins de monde qu&rsquo;ailleurs. La r\u00e9gion est plus fra\u00eeche, ce qui n\u00e9cessite une combinaison l\u00e9g\u00e8rement plus \u00e9paisse, mais les vagues y sont excellentes et les paysages magnifiques.<\/p>\n<p>\u00a0<\/p>\n<h4>Viana do Castelo (Praia de Cabedelo) \u2013 Id\u00e9al pour D\u00e9butants &amp; Kitesurfers<\/h4>\n<div style=\"background-color: #e8f4f8; padding: 15px 20px; margin: 15px 0; border-radius: 5px;\">\n<ul style=\"margin: 0; padding-left: 20px;\">\n<li><strong>Type de vague :<\/strong> Beach break avec peaks multiples<\/li>\n<li><strong>Meilleure houle :<\/strong> O-NO, 0,6-2 m<\/li>\n<li><strong>Meilleur vent :<\/strong> E (offshore)<\/li>\n<li><strong>Meilleure mar\u00e9e :<\/strong> Toutes mar\u00e9es, id\u00e9al mi-mar\u00e9e<\/li>\n<li><strong>Meilleure saison :<\/strong> Juin-septembre<\/li>\n<li><strong>Niveau :<\/strong> D\u00e9butants \u00e0 interm\u00e9diaires<\/li>\n<li><strong>Dangers :<\/strong> Courants mod\u00e9r\u00e9s lors des grosses houles<\/li>\n<li><strong>Affluence :<\/strong> Faible \u00e0 moyenne<\/li>\n<li><strong>Acc\u00e8s :<\/strong> Parking proche plage de Cabedelo<\/li>\n<\/ul>\n<\/div>\n<p>Situ\u00e9 \u00e0 l&#8217;embouchure du fleuve Lima, Viana do Castelo m&rsquo;a surpris par sa polyvalence. Cette configuration unique cr\u00e9e des vagues adapt\u00e9es aux d\u00e9butants tout en offrant des sections plus techniques. L&rsquo;exposition aux vents en fait \u00e9galement un excellent spot pour le kitesurf. L&rsquo;ambiance y est tr\u00e8s locale et authentique, loin du tourisme de masse des spots plus au sud.<\/p>\n<p>\u00a0<\/p>\n<h4>Leca da Palmeira (Porto) \u2013 Spot Consistant Multi-Niveaux<\/h4>\n<div style=\"background-color: #e8f4f8; padding: 15px 20px; margin: 15px 0; border-radius: 5px;\">\n<ul style=\"margin: 0; padding-left: 20px;\">\n<li><strong>Type de vague :<\/strong> Combinaison beach break et reef break<\/li>\n<li><strong>Meilleure houle :<\/strong> O-NO, 1-2,5 m<\/li>\n<li><strong>Meilleur vent :<\/strong> E, SE (offshore)<\/li>\n<li><strong>Meilleure mar\u00e9e :<\/strong> Mi-mar\u00e9e \u00e0 mar\u00e9e haute pour le reef<\/li>\n<li><strong>Meilleure saison :<\/strong> Toute l&rsquo;ann\u00e9e<\/li>\n<li><strong>Niveau :<\/strong> Tous niveaux<\/li>\n<li><strong>Dangers :<\/strong> Rochers sur certaines sections, attention au reef<\/li>\n<li><strong>Affluence :<\/strong> Moyenne-\u00e9lev\u00e9e localement<\/li>\n<li><strong>Acc\u00e8s :<\/strong> 20 minutes depuis Porto centre<\/li>\n<\/ul>\n<\/div>\n<p>R\u00e9put\u00e9 pour \u00eatre le spot le plus consistant de la r\u00e9gion de Porto\u2014si vous trouvez des vagues ici, c&rsquo;est qu&rsquo;il y en a partout ailleurs. J&rsquo;appr\u00e9cie particuli\u00e8rement la diversit\u00e9 des pics qui permet \u00e0 diff\u00e9rents niveaux de surfer simultan\u00e9ment. La proximit\u00e9 avec Porto en fait une excellente option pour combiner surf et tourisme urbain.<\/p>\n<h3>Centre du Portugal : Lisbonne, Peniche &amp; Ericeira<\/h3>\n<p>C&rsquo;est dans le centre du Portugal que se concentrent les spots les plus c\u00e9l\u00e8bres et les plus fr\u00e9quent\u00e9s. La r\u00e9gion de Lisbonne, incluant <a href=\"https:\/\/www.lois-guillermond.com\/fr\/spots-de-surf\/peniche\/\">Peniche<\/a>, <a href=\"https:\/\/www.lois-guillermond.com\/fr\/spots-de-surf\/ericeira\/\">Ericeira<\/a> et Nazar\u00e9, est consid\u00e9r\u00e9e comme le c\u0153ur du surf portugais.<\/p>\n<p><img decoding=\"async\" src=\"https:\/\/cdn.shopify.com\/s\/files\/1\/0516\/6317\/5859\/files\/surfing_in_nazare.jpg?v=1738507073\" alt=\"\"><\/p>\n<p>\u00a0<\/p>\n<h4>Nazar\u00e9 (Praia do Norte) \u2013 Big Waves pour Experts Uniquement<\/h4>\n<div style=\"background-color: #e8f4f8; padding: 15px 20px; margin: 15px 0; border-radius: 5px;\">\n<ul style=\"margin: 0; padding-left: 20px;\">\n<li><strong>Type de vague :<\/strong> Big wave g\u00e9n\u00e9r\u00e9 par canyon sous-marin<\/li>\n<li><strong>Meilleure houle :<\/strong> NO-O, 5-30+ m r\u00e9guli\u00e8rement ; record \u00e0 30+ m<\/li>\n<li><strong>Meilleur vent :<\/strong> Conditions complexes, r\u00e9serv\u00e9 aux \u00e9quipes professionnelles<\/li>\n<li><strong>Meilleure mar\u00e9e :<\/strong> Non applicable pour le surf amateur<\/li>\n<li><strong>Meilleure saison :<\/strong> Novembre-mars<\/li>\n<li><strong>Niveau :<\/strong> Experts big wave riders exclusivement<\/li>\n<li><strong>Dangers :<\/strong> EXTR\u00caMEMENT DANGEREUX \u2013 r\u00e9serv\u00e9 aux pros avec jet-ski<\/li>\n<li><strong>Affluence :<\/strong> Spectateurs nombreux, surfeurs tri\u00e9s sur le volet<\/li>\n<li><strong>Acc\u00e8s :<\/strong> Point de vue au Miradouro do Suberco<\/li>\n<\/ul>\n<\/div>\n<p><a href=\"https:\/\/www.lois-guillermond.com\/fr\/spots-de-surf\/nazare\/\">Nazar\u00e9<\/a> est devenu mondialement c\u00e9l\u00e8bre depuis que Garrett McNamara y a surf\u00e9 une vague de 24 m en 2011. J&rsquo;y suis all\u00e9 plusieurs fois uniquement pour observer le spectacle, et c&rsquo;est \u00e0 chaque fois \u00e9poustouflant. Le canyon sous-marin concentre l&rsquo;\u00e9nergie de la houle de mani\u00e8re exceptionnelle, cr\u00e9ant des murs d&rsquo;eau titanesques. Ne tentez JAMAIS de surfer ce spot sans \u00eatre un big wave surfer professionnel accompagn\u00e9 d&rsquo;une \u00e9quipe de s\u00e9curit\u00e9 avec jet-ski.<\/p>\n<p>\u00a0<\/p>\n<h4>Cantinho da Ba\u00eda (Baleal\/Peniche) \u2013 Id\u00e9al pour D\u00e9butants<\/h4>\n<div style=\"background-color: #e8f4f8; padding: 15px 20px; margin: 15px 0; border-radius: 5px;\">\n<ul style=\"margin: 0; padding-left: 20px;\">\n<li><strong>Type de vague :<\/strong> Beach break parfait pour l&rsquo;apprentissage<\/li>\n<li><strong>Meilleure houle :<\/strong> O-NO, 0,5-1,5 m<\/li>\n<li><strong>Meilleur vent :<\/strong> E, SE (offshore)<\/li>\n<li><strong>Meilleure mar\u00e9e :<\/strong> Toutes mar\u00e9es, meilleur \u00e0 mi-mar\u00e9e<\/li>\n<li><strong>Meilleure saison :<\/strong> Juin-septembre<\/li>\n<li><strong>Niveau :<\/strong> D\u00e9butants<\/li>\n<li><strong>Dangers :<\/strong> Peu de dangers, fonds sablonneux<\/li>\n<li><strong>Affluence :<\/strong> \u00c9lev\u00e9e en \u00e9t\u00e9<\/li>\n<li><strong>Acc\u00e8s :<\/strong> 3 km de plage avec parking ; centre-ville Baleal<\/li>\n<\/ul>\n<\/div>\n<p>Cantinho da Ba\u00eda reste mon spot favori pour enseigner le surf au Portugal. Cette plage de 3 km offre la particularit\u00e9 unique d&rsquo;avoir des vagues graduellement plus grandes \u00e0 mesure qu&rsquo;on progresse vers le nord\u2014vous ajustez simplement votre position selon votre niveau de confiance. Pr\u00e8s du rivage, les vagues restent douces et parfaites pour les novices. Plus loin, elles deviennent plus cons\u00e9quentes pour les interm\u00e9diaires.<\/p>\n<p>\u00a0<\/p>\n<h4>Supertubos (Peniche) \u2013 Id\u00e9al pour Avanc\u00e9s \u00e0 Experts<\/h4>\n<div style=\"background-color: #e8f4f8; padding: 15px 20px; margin: 15px 0; border-radius: 5px;\">\n<ul style=\"margin: 0; padding-left: 20px;\">\n<li><strong>Type de vague :<\/strong> Beach break de classe mondiale avec tubes puissants<\/li>\n<li><strong>Meilleure houle :<\/strong> O-NO, 2-4 m ; expert-seulement au-dessus<\/li>\n<li><strong>Meilleur vent :<\/strong> E, SE (offshore)<\/li>\n<li><strong>Meilleure mar\u00e9e :<\/strong> Mar\u00e9e basse \u00e0 mi-mar\u00e9e<\/li>\n<li><strong>Meilleure saison :<\/strong> Septembre-octobre<\/li>\n<li><strong>Niveau :<\/strong> Avanc\u00e9s \u00e0 experts<\/li>\n<li><strong>Dangers :<\/strong> Lip lourd, sandbars peu profonds, foules intenses, sections rapides puissantes<\/li>\n<li><strong>Affluence :<\/strong> Extr\u00eamement bond\u00e9 pendant les houles de qualit\u00e9 et comp\u00e9titions WSL<\/li>\n<li><strong>Acc\u00e8s :<\/strong> Peniche centre ; r\u00e9serve \u00e9cologique nationale<\/li>\n<\/ul>\n<\/div>\n<p>Surnomm\u00e9 le \u00ab\u00a0Pipeline europ\u00e9en\u00a0\u00bb, Supertubos d\u00e9livre des tubes parmi les plus creux d&rsquo;Europe. Apr\u00e8s avoir regard\u00e9 ce spot firer pendant l&rsquo;automne, je confirme que ces barrels rivalisent avec Hawaii. Accueille annuellement le MEO Rip Curl Pro Portugal (WSL Championship Tour). Les d\u00e9butants doivent \u00e9viter Supertubos enti\u00e8rement\u2014optez pour Cantinho da Ba\u00eda \u00e0 la place.<\/p>\n<p>\u00a0<\/p>\n<h4>Baleal (Peniche) \u2013 Id\u00e9al pour Interm\u00e9diaires<\/h4>\n<p><strong>Type de vague :<\/strong> Beach break avec plusieurs orientations<br \/><strong>Meilleure houle :<\/strong> O-NO, 1-2,5 m<br \/><strong>Meilleur vent :<\/strong> Variable selon orientation plage<br \/><strong>Meilleure mar\u00e9e :<\/strong> Toutes mar\u00e9es<br \/><strong>Meilleure saison :<\/strong> Toute l&rsquo;ann\u00e9e<br \/><strong>Niveau :<\/strong> D\u00e9butants \u00e0 interm\u00e9diaires<br \/><strong>Affluence :<\/strong> Moyenne-\u00e9lev\u00e9e<br \/><strong>Acc\u00e8s :<\/strong> Presqu&rsquo;\u00eele avec plages orient\u00e9es N, S, O<\/p>\n<p>La position unique de Baleal sur une presqu&rsquo;\u00eele signifie que vous trouvez toujours un spot abrit\u00e9 selon les conditions. Plage nord (Prainha) est prot\u00e9g\u00e9e des grosses houles NO, tandis que les plages ouest et sud captent davantage de houle. Configuration parfaite pour interm\u00e9diaires cherchant \u00e0 progresser.<\/p>\n<p>\u00a0<\/p>\n<h4>Foz do Lizandro (Ericeira) \u2013 Id\u00e9al pour D\u00e9butants \u00e0 Interm\u00e9diaires<\/h4>\n<div style=\"background-color: #e8f4f8; padding: 15px 20px; margin: 15px 0; border-radius: 5px;\">\n<ul style=\"margin: 0; padding-left: 20px;\">\n<li><strong>Type de vague :<\/strong> Beach break \u00e0 l&#8217;embouchure de rivi\u00e8re<\/li>\n<li><strong>Meilleure houle :<\/strong> O-NO, 0,6-2 m<\/li>\n<li><strong>Meilleur vent :<\/strong> E (offshore)<\/li>\n<li><strong>Meilleure mar\u00e9e :<\/strong> Mar\u00e9e basse-moyenne<\/li>\n<li><strong>Meilleure saison :<\/strong> Mai-septembre<\/li>\n<li><strong>Niveau :<\/strong> D\u00e9butants \u00e0 interm\u00e9diaires<\/li>\n<li><strong>Dangers :<\/strong> Minimal ; \u00e9viter embouchure rivi\u00e8re<\/li>\n<li><strong>Affluence :<\/strong> Moyenne-\u00e9lev\u00e9e<\/li>\n<li><strong>Acc\u00e8s :<\/strong> Nombreuses \u00e9coles de surf ; protection naturelle<\/li>\n<\/ul>\n<\/div>\n<p>Situ\u00e9 \u00e0 l&#8217;embouchure du Rio Lizandro, ce spot b\u00e9n\u00e9ficie d&rsquo;excellentes conditions pour l&rsquo;apprentissage. Les vagues y sont douces et longues, parfaites pour ma\u00eetriser les fondamentaux. Apr\u00e8s avoir amen\u00e9 plusieurs groupes de d\u00e9butants ici, j&rsquo;appr\u00e9cie comment la protection naturelle offre des ondes positives constantes.<\/p>\n<p>\u00a0<\/p>\n<h4>Ribeira d&rsquo;Ilhas (Ericeira) \u2013 Id\u00e9al pour Interm\u00e9diaires \u00e0 Avanc\u00e9s<\/h4>\n<div style=\"background-color: #e8f4f8; padding: 15px 20px; margin: 15px 0; border-radius: 5px;\">\n<ul style=\"margin: 0; padding-left: 20px;\">\n<li><strong>Type de vague :<\/strong> Point break droit de classe mondiale<\/li>\n<li><strong>Meilleure houle :<\/strong> O-NO, 1-3 m<\/li>\n<li><strong>Meilleur vent :<\/strong> E (offshore)<\/li>\n<li><strong>Meilleure mar\u00e9e :<\/strong> Mar\u00e9e basse \u00e0 mi-mar\u00e9e<\/li>\n<li><strong>Meilleure saison :<\/strong> Septembre-novembre<\/li>\n<li><strong>Niveau :<\/strong> Interm\u00e9diaires \u00e0 avanc\u00e9s<\/li>\n<li><strong>Dangers :<\/strong> Rochers en bout de plage<\/li>\n<li><strong>Affluence :<\/strong> \u00c9lev\u00e9e lors comp\u00e9titions<\/li>\n<li><strong>Acc\u00e8s :<\/strong> Falaises entourant la plage ; accueille Quiksilver Pro Portugal<\/li>\n<\/ul>\n<\/div>\n<p>Entour\u00e9e de falaises et prot\u00e9g\u00e9e des vents, Ribeira d&rsquo;Ilhas offre de longs righthanders parfaits pour le carving. Ce spot accueille r\u00e9guli\u00e8rement des \u00e9v\u00e9nements WSL, t\u00e9moignant de sa qualit\u00e9 de classe mondiale. Les rides peuvent d\u00e9passer 100 m lors de houles optimales.<\/p>\n<p>\u00a0<\/p>\n<h4>Coxos (Ericeira) \u2013 Id\u00e9al pour Avanc\u00e9s \u00e0 Experts<\/h4>\n<div style=\"background-color: #e8f4f8; padding: 15px 20px; margin: 15px 0; border-radius: 5px;\">\n<ul style=\"margin: 0; padding-left: 20px;\">\n<li><strong>Type de vague :<\/strong> Reef break puissant avec droite creuse<\/li>\n<li><strong>Meilleure houle :<\/strong> O-NO, 2-4 m<\/li>\n<li><strong>Meilleur vent :<\/strong> E, SE (offshore)<\/li>\n<li><strong>Meilleure mar\u00e9e :<\/strong> Mar\u00e9e basse avec houle NO<\/li>\n<li><strong>Meilleure saison :<\/strong> Octobre-mars<\/li>\n<li><strong>Niveau :<\/strong> Avanc\u00e9s \u00e0 experts<\/li>\n<li><strong>Dangers :<\/strong> Reef peu profond, vague creuse et puissante<\/li>\n<li><strong>Affluence :<\/strong> Tr\u00e8s \u00e9lev\u00e9e quand \u00e7a marche<\/li>\n<li><strong>Acc\u00e8s :<\/strong> Consid\u00e9r\u00e9 comme une des meilleures droites d&rsquo;Europe<\/li>\n<\/ul>\n<\/div>\n<p>Avec mar\u00e9e basse et houle NO, ce reef break puissant et creux est tout simplement parfait. Pas \u00e9tonnant qu&rsquo;il soit surnomm\u00e9 la meilleure vague du Portugal et l&rsquo;une des meilleures droites de la plan\u00e8te. Apr\u00e8s avoir observ\u00e9 Coxos firer, je confirme que ce spot m\u00e9rite sa r\u00e9putation\u2014mais il faut le niveau pour y aller.<\/p>\n<p>\u00a0<\/p>\n<h4>Cave (Ericeira) \u2013 Experts Uniquement<\/h4>\n<div style=\"background-color: #e8f4f8; padding: 15px 20px; margin: 15px 0; border-radius: 5px;\">\n<ul style=\"margin: 0; padding-left: 20px;\">\n<li><strong>Type de vague :<\/strong> Reef break extr\u00eame gauche<\/li>\n<li><strong>Meilleure houle :<\/strong> O-NO, 2-5 m<\/li>\n<li><strong>Meilleur vent :<\/strong> E (offshore)<\/li>\n<li><strong>Meilleure mar\u00e9e :<\/strong> Mar\u00e9e basse uniquement<\/li>\n<li><strong>Meilleure saison :<\/strong> Novembre-f\u00e9vrier<\/li>\n<li><strong>Niveau :<\/strong> Experts exclusivement<\/li>\n<li><strong>Dangers :<\/strong> Take-off ultra shallow, crew local bodyboard serr\u00e9<\/li>\n<li><strong>Affluence :<\/strong> Mod\u00e9r\u00e9e (experts seulement)<\/li>\n<li><strong>Acc\u00e8s :<\/strong> La vague la plus lourde et difficile du Portugal<\/li>\n<\/ul>\n<\/div>\n<p>Cave est la seule gauche parmi les 4 meilleurs spots d&rsquo;Ericeira. Le take-off zone est super shallow et serr\u00e9 (crew local bodyboard), mais si vous passez, vous serez r\u00e9compens\u00e9 par un large barrel. Le reef ne peut pas g\u00e9rer une grosse houle mais d\u00e9livre des barrels incroyables de 1-2 m. John John Florence s&rsquo;est bless\u00e9 ici en 2012\u2014c&rsquo;est dire \u00e0 quel point c&rsquo;est impitoyable.<\/p>\n<p>\u00a0<\/p>\n<h4>Carcavelos (Cascais\/Lisbonne) \u2013 Id\u00e9al pour Tous Niveaux<\/h4>\n<div style=\"background-color: #e8f4f8; padding: 15px 20px; margin: 15px 0; border-radius: 5px;\">\n<ul style=\"margin: 0; padding-left: 20px;\">\n<li><strong>Type de vague :<\/strong> Beach break accessible proche Lisbonne<\/li>\n<li><strong>Meilleure houle :<\/strong> O-NO, 0,6-2 m<\/li>\n<li><strong>Meilleur vent :<\/strong> E (offshore) ; peut \u00eatre vent\u00e9 apr\u00e8s-midi<\/li>\n<li><strong>Meilleure mar\u00e9e :<\/strong> Toutes mar\u00e9es, meilleur mar\u00e9e basse-moyenne<\/li>\n<li><strong>Meilleure saison :<\/strong> Mai-septembre<\/li>\n<li><strong>Niveau :<\/strong> Tous niveaux<\/li>\n<li><strong>Dangers :<\/strong> Affluence extr\u00eame en \u00e9t\u00e9<\/li>\n<li><strong>Affluence :<\/strong> Tr\u00e8s \u00e9lev\u00e9e (spot le plus fr\u00e9quent\u00e9 r\u00e9gion Lisbonne)<\/li>\n<li><strong>Acc\u00e8s :<\/strong> Train direct depuis Lisbonne 25 min ; accueille WSL Qualifying Series<\/li>\n<\/ul>\n<\/div>\n<p>Carcavelos est parfait pour une session matinale avant de visiter Lisbonne. Je conseille d&rsquo;arriver t\u00f4t, vers 7-8h, pour profiter des meilleures conditions et \u00e9viter la foule qui arrive apr\u00e8s 10h. Les vagues conviennent aussi bien aux amateurs qu&rsquo;aux surfeurs exp\u00e9riment\u00e9s\u2014on dit que c&rsquo;est dans ces eaux claires qu&rsquo;est n\u00e9 le surf portugais.<\/p>\n<h3>Sud du Portugal : Algarve &amp; Costa Vicentina<\/h3>\n<p>Le sud du Portugal offre une alternative int\u00e9ressante avec des eaux l\u00e9g\u00e8rement plus chaudes et des paysages spectaculaires de falaises rouges. La Costa Vicentina, en particulier, est un parc naturel prot\u00e9g\u00e9 o\u00f9 la nature sauvage domine.<\/p>\n<p><img decoding=\"async\" src=\"https:\/\/cdn.shopify.com\/s\/files\/1\/0516\/6317\/5859\/files\/surfing_in_amado.jpg?v=1738507118\" alt=\"\"><\/p>\n<p>\u00a0<\/p>\n<h4>Praia do Amado (Carrapateira) \u2013 Id\u00e9al pour Tous Niveaux<\/h4>\n<div style=\"background-color: #e8f4f8; padding: 15px 20px; margin: 15px 0; border-radius: 5px;\">\n<ul style=\"margin: 0; padding-left: 20px;\">\n<li><strong>Type de vague :<\/strong> Beach break puissant avec courants forts<\/li>\n<li><strong>Meilleure houle :<\/strong> O-NO, 1-2,5 m<\/li>\n<li><strong>Meilleur vent :<\/strong> E (offshore)<\/li>\n<li><strong>Meilleure mar\u00e9e :<\/strong> Toutes mar\u00e9es, ajuster position selon niveau<\/li>\n<li><strong>Meilleure saison :<\/strong> Toute l&rsquo;ann\u00e9e ; \u00e9t\u00e9 meilleur pour d\u00e9butants<\/li>\n<li><strong>Niveau :<\/strong> Tous niveaux<\/li>\n<li><strong>Dangers :<\/strong> Courants forts, vagues raides<\/li>\n<li><strong>Affluence :<\/strong> Moyenne-\u00e9lev\u00e9e ; tr\u00e8s populaire en \u00e9t\u00e9<\/li>\n<li><strong>Acc\u00e8s :<\/strong> Parking vaste ; nombreuses \u00e9coles surf<\/li>\n<\/ul>\n<\/div>\n<p>Amado est mon spot favori dans le sud. Gr\u00e2ce \u00e0 ses courants forts et vagues raides, Praia do Amado est l&rsquo;un des meilleurs spots de surf du Portugal, accueillant r\u00e9guli\u00e8rement des comp\u00e9titions internationales. Les vagues y sont \u00e9tonnamment consistantes m\u00eame en \u00e9t\u00e9, et l&rsquo;eau y est la plus chaude du Portugal (jusqu&rsquo;\u00e0 22\u00b0C en ao\u00fbt). Le cadre de la Costa Vicentina, avec ses dunes pr\u00e9serv\u00e9es, ajoute une dimension particuli\u00e8re.<\/p>\n<p>\u00a0<\/p>\n<h4>Arrifana (Aljezur) \u2013 Id\u00e9al pour D\u00e9butants \u00e0 Interm\u00e9diaires<\/h4>\n<div style=\"background-color: #e8f4f8; padding: 15px 20px; margin: 15px 0; border-radius: 5px;\">\n<ul style=\"margin: 0; padding-left: 20px;\">\n<li><strong>Type de vague :<\/strong> Beach break prot\u00e9g\u00e9 par falaises<\/li>\n<li><strong>Meilleure houle :<\/strong> O-NO, 0,6-1,8 m (g\u00e9n\u00e9ralement plus petit qu&rsquo;ailleurs)<\/li>\n<li><strong>Meilleur vent :<\/strong> E (offshore) ; bien prot\u00e9g\u00e9 vents dominants<\/li>\n<li><strong>Meilleure mar\u00e9e :<\/strong> Mar\u00e9e haute pour vagues plus douces ; basse pour plus vitesse<\/li>\n<li><strong>Meilleure saison :<\/strong> Juin-septembre<\/li>\n<li><strong>Niveau :<\/strong> D\u00e9butants \u00e0 interm\u00e9diaires<\/li>\n<li><strong>Dangers :<\/strong> Peu dangereux, id\u00e9al apprentissage<\/li>\n<li><strong>Affluence :<\/strong> Moyenne, ambiance bienveillante<\/li>\n<li><strong>Acc\u00e8s :<\/strong> Village Aljezur 15 min ; Parc Naturel Costa Vicentina<\/li>\n<\/ul>\n<\/div>\n<p>Arrifana est devenu LE spot r\u00e9f\u00e9rence pour apprendre dans le sud du Portugal proche d&rsquo;<a href=\"https:\/\/www.lois-guillermond.com\/fr\/spots-de-surf\/aljezur\/\">Aljezur<\/a>. Entour\u00e9e de falaises et situ\u00e9e pr\u00e8s d&rsquo;un petit village de p\u00eache, cette plage est bien connue des surfeurs et bodyboarders. J&rsquo;ai observ\u00e9 une solidarit\u00e9 remarquable entre surfeurs de tous niveaux. La longue promenade \u00e0 travers le Parc Naturel Costa Vicentina et ses bois abondants ajoute au charme. Accessible en voiture et \u00e0 pied.<\/p>\n<p>\u00a0<\/p>\n<h4>Sagres (Praia do Tonel) \u2013 Id\u00e9al pour Interm\u00e9diaires<\/h4>\n<div style=\"background-color: #e8f4f8; padding: 15px 20px; margin: 15px 0; border-radius: 5px;\">\n<ul style=\"margin: 0; padding-left: 20px;\">\n<li><strong>Type de vague :<\/strong> Beach break avec gauches et droites solides<\/li>\n<li><strong>Meilleure houle :<\/strong> O-NO, 1-2,5 m<\/li>\n<li><strong>Meilleur vent :<\/strong> E (offshore)<\/li>\n<li><strong>Meilleure mar\u00e9e :<\/strong> Mi-mar\u00e9e<\/li>\n<li><strong>Meilleure saison :<\/strong> Toute l&rsquo;ann\u00e9e ; garantie vagues<\/li>\n<li><strong>Niveau :<\/strong> Interm\u00e9diaires<\/li>\n<li><strong>Dangers :<\/strong> Peut devenir gros rapidement<\/li>\n<li><strong>Affluence :<\/strong> Moyenne<\/li>\n<li><strong>Acc\u00e8s :<\/strong> Quelques minutes \u00e0 pied centre-ville Sagres<\/li>\n<\/ul>\n<\/div>\n<p>Sagres, la ville la plus \u00e0 l&rsquo;ouest de la r\u00e9gion Algarve, est une destination magnifique pour les voyageurs appr\u00e9ciant la beaut\u00e9 de la nature sauvage. Praia do Tonel offre des gauches et droites solides \u00e0 quelques minutes \u00e0 pied du centre. La r\u00e9gion garantit des vagues toute l&rsquo;ann\u00e9e.<\/p>\n<p>\u00a0<\/p>\n<h4>Castelejo (Vila do Bispo) \u2013 Id\u00e9al pour D\u00e9butants \u00e0 Interm\u00e9diaires<\/h4>\n<div style=\"background-color: #e8f4f8; padding: 15px 20px; margin: 15px 0; border-radius: 5px;\">\n<ul style=\"margin: 0; padding-left: 20px;\">\n<li><strong>Type de vague :<\/strong> Beach break isol\u00e9 avec houle r\u00e9guli\u00e8re<\/li>\n<li><strong>Meilleure houle :<\/strong> O-NO, 0,6-2 m<\/li>\n<li><strong>Meilleur vent :<\/strong> E (offshore) ; attention vents O<\/li>\n<li><strong>Meilleure mar\u00e9e :<\/strong> Toutes mar\u00e9es<\/li>\n<li><strong>Meilleure saison :<\/strong> \u00c9t\u00e9 id\u00e9al ; capte petites houles Atlantique<\/li>\n<li><strong>Niveau :<\/strong> D\u00e9butants \u00e0 interm\u00e9diaires<\/li>\n<li><strong>Dangers :<\/strong> Isolement ; surveiller changements conditions<\/li>\n<li><strong>Affluence :<\/strong> Faible ; isol\u00e9<\/li>\n<li><strong>Acc\u00e8s :<\/strong> 12 km au nord de Sagres<\/li>\n<\/ul>\n<\/div>\n<p>Isol\u00e9e \u00e0 12 km au nord de Sagres, cette plage offre de magnifiques vues et des houles tr\u00e8s r\u00e9guli\u00e8res toute l&rsquo;ann\u00e9e. Pendant les mois d&rsquo;\u00e9t\u00e9, Castelejo peut saisir la moindre petite houle de l&rsquo;Atlantique, ce qui en fait une plage formidable pour apprendre \u00e0 surfer sous le soleil d&rsquo;\u00e9t\u00e9. Gardez un \u0153il sur les vents d&rsquo;ouest.<\/p>\n<h2>Quand Surfer au Portugal : Meilleures Saisons &amp; Conditions<\/h2>\n<h3>Haute Saison (Septembre-Octobre)<\/h3>\n<p>Septembre et octobre d\u00e9livrent les conditions surf premium du Portugal\u2014houles puissantes mais g\u00e9rables (1-2,5 m en moyenne), vents offshore consistants venant de l&rsquo;est, eau encore chaude de l&rsquo;\u00e9t\u00e9 (17-19\u00b0C), et foules significativement plus faibles que juillet-ao\u00fbt. Apr\u00e8s avoir programm\u00e9 plusieurs voyages ici, je peux confirmer que les \u00e9v\u00e9nements WSL annuels \u00e0 Peniche se d\u00e9roulent g\u00e9n\u00e9ralement fin septembre-d\u00e9but octobre, apportant du surf de niveau professionnel \u00e0 observer depuis la plage.<\/p>\n<div style=\"display: grid; grid-template-columns: repeat(auto-fit, minmax(150px, 1fr)); gap: 12px; margin: 20px 0;\">\n<div style=\"background-color: #d4e9f0; padding: 12px; border-radius: 10px; text-align: center; border: 2px solid #B8D4E0;\">\n<div style=\"font-size: 24px; margin-bottom: 5px;\">\ud83d\udc65<\/div>\n<div style=\"font-weight: bold; font-size: 12px; color: #2c3e50; margin-bottom: 3px;\">ID\u00c9AL POUR<\/div>\n<div style=\"font-size: 13px; color: #34495e;\">Interm\u00e9diaires \u00e0 avanc\u00e9s<\/div>\n<\/div>\n<div style=\"background-color: #d4e9f0; padding: 12px; border-radius: 10px; text-align: center; border: 2px solid #B8D4E0;\">\n<div style=\"font-size: 24px; margin-bottom: 5px;\">\ud83c\udf0a<\/div>\n<div style=\"font-weight: bold; font-size: 12px; color: #2c3e50; margin-bottom: 3px;\">HAUTEUR VAGUES<\/div>\n<div style=\"font-size: 13px; color: #34495e;\">Taille poitrine \u00e0 t\u00eate (1-2,5 m), occasionnellement plus gros<\/div>\n<\/div>\n<div style=\"background-color: #d4e9f0; padding: 12px; border-radius: 10px; text-align: center; border: 2px solid #B8D4E0;\">\n<div style=\"font-size: 24px; margin-bottom: 5px;\">\ud83c\udf21\ufe0f<\/div>\n<div style=\"font-weight: bold; font-size: 12px; color: #2c3e50; margin-bottom: 3px;\">TEMP. EAU<\/div>\n<div style=\"font-size: 13px; color: #34495e;\">17-19\u00b0C<\/div>\n<\/div>\n<div style=\"background-color: #d4e9f0; padding: 12px; border-radius: 10px; text-align: center; border: 2px solid #B8D4E0;\">\n<div style=\"font-size: 24px; margin-bottom: 5px;\">\ud83e\ude73<\/div>\n<div style=\"font-weight: bold; font-size: 12px; color: #2c3e50; margin-bottom: 3px;\">COMBINAISON<\/div>\n<div style=\"font-size: 13px; color: #34495e;\">3\/2mm<\/div>\n<\/div>\n<div style=\"background-color: #d4e9f0; padding: 12px; border-radius: 10px; text-align: center; border: 2px solid #B8D4E0;\">\n<div style=\"font-size: 24px; margin-bottom: 5px;\">\u2600\ufe0f<\/div>\n<div style=\"font-weight: bold; font-size: 12px; color: #2c3e50; margin-bottom: 3px;\">M\u00c9T\u00c9O<\/div>\n<div style=\"font-size: 13px; color: #34495e;\">Ensoleill\u00e9, vents offshore fr\u00e9quents<\/div>\n<\/div>\n<div style=\"background-color: #d4e9f0; padding: 12px; border-radius: 10px; text-align: center; border: 2px solid #B8D4E0;\">\n<div style=\"font-size: 24px; margin-bottom: 5px;\">\ud83d\udc6b<\/div>\n<div style=\"font-weight: bold; font-size: 12px; color: #2c3e50; margin-bottom: 3px;\">AFFLUENCE<\/div>\n<div style=\"font-size: 13px; color: #34495e;\">Moyenne-\u00c9lev\u00e9e<\/div>\n<\/div>\n<\/div>\n<h3>Saison \u00c9t\u00e9 (Juin-Ao\u00fbt)<\/h3>\n<p>L&rsquo;\u00e9t\u00e9 apporte des vagues plus petites (0,6-1,2 m), l&rsquo;eau la plus chaude (18-22\u00b0C), et les meilleures conditions pour d\u00e9butants. Cependant, attendez-vous \u00e0 des foules tr\u00e8s \u00e9lev\u00e9es sur les spots c\u00e9l\u00e8bres\u2014j&rsquo;ai compt\u00e9 100+ surfeurs \u00e0 Carcavelos lors de week-ends d&rsquo;\u00e9t\u00e9 de pointe. Toutes les \u00e9coles de surf ouvrent, les camps tournent \u00e0 pleine capacit\u00e9.<\/p>\n<div style=\"display: grid; grid-template-columns: repeat(auto-fit, minmax(150px, 1fr)); gap: 12px; margin: 20px 0;\">\n<div style=\"background-color: #d4e9f0; padding: 12px; border-radius: 10px; text-align: center; border: 2px solid #B8D4E0;\">\n<div style=\"font-size: 24px; margin-bottom: 5px;\">\ud83d\udc65<\/div>\n<div style=\"font-weight: bold; font-size: 12px; color: #2c3e50; margin-bottom: 3px;\">ID\u00c9AL POUR<\/div>\n<div style=\"font-size: 13px; color: #34495e;\">D\u00e9butants et familles<\/div>\n<\/div>\n<div style=\"background-color: #d4e9f0; padding: 12px; border-radius: 10px; text-align: center; border: 2px solid #B8D4E0;\">\n<div style=\"font-size: 24px; margin-bottom: 5px;\">\ud83c\udf0a<\/div>\n<div style=\"font-weight: bold; font-size: 12px; color: #2c3e50; margin-bottom: 3px;\">HAUTEUR VAGUES<\/div>\n<div style=\"font-size: 13px; color: #34495e;\">Taille genou \u00e0 taille (0,6-1,2 m)<\/div>\n<\/div>\n<div style=\"background-color: #d4e9f0; padding: 12px; border-radius: 10px; text-align: center; border: 2px solid #B8D4E0;\">\n<div style=\"font-size: 24px; margin-bottom: 5px;\">\ud83c\udf21\ufe0f<\/div>\n<div style=\"font-weight: bold; font-size: 12px; color: #2c3e50; margin-bottom: 3px;\">TEMP. EAU<\/div>\n<div style=\"font-size: 13px; color: #34495e;\">18-22\u00b0C<\/div>\n<\/div>\n<div style=\"background-color: #d4e9f0; padding: 12px; border-radius: 10px; text-align: center; border: 2px solid #B8D4E0;\">\n<div style=\"font-size: 24px; margin-bottom: 5px;\">\ud83e\ude73<\/div>\n<div style=\"font-weight: bold; font-size: 12px; color: #2c3e50; margin-bottom: 3px;\">COMBINAISON<\/div>\n<div style=\"font-size: 13px; color: #34495e;\">3\/2mm ou springsuit<\/div>\n<\/div>\n<div style=\"background-color: #d4e9f0; padding: 12px; border-radius: 10px; text-align: center; border: 2px solid #B8D4E0;\">\n<div style=\"font-size: 24px; margin-bottom: 5px;\">\u2600\ufe0f<\/div>\n<div style=\"font-weight: bold; font-size: 12px; color: #2c3e50; margin-bottom: 3px;\">M\u00c9T\u00c9O<\/div>\n<div style=\"font-size: 13px; color: #34495e;\">Ensoleill\u00e9 et chaud, peut \u00eatre vent\u00e9 l&rsquo;apr\u00e8s-midi<\/div>\n<\/div>\n<div style=\"background-color: #d4e9f0; padding: 12px; border-radius: 10px; text-align: center; border: 2px solid #B8D4E0;\">\n<div style=\"font-size: 24px; margin-bottom: 5px;\">\ud83d\udc6b<\/div>\n<div style=\"font-weight: bold; font-size: 12px; color: #2c3e50; margin-bottom: 3px;\">AFFLUENCE<\/div>\n<div style=\"font-size: 13px; color: #34495e;\">Tr\u00e8s \u00c9lev\u00e9e<\/div>\n<\/div>\n<\/div>\n<h3>Saison Printemps (Mars-Mai)<\/h3>\n<p>Le printemps convient aux interm\u00e9diaires avec de bonnes houles consistantes (1-2 m), conditions propres, eau se r\u00e9chauffant (16-18\u00b0C), et foules l\u00e9g\u00e8res. Je recommande de visiter en avril-mai pour la valeur intersaison\u2014les prix d&rsquo;h\u00e9bergement chutent de 30-50% compar\u00e9 aux pics d&rsquo;\u00e9t\u00e9.<\/p>\n<div style=\"display: grid; grid-template-columns: repeat(auto-fit, minmax(150px, 1fr)); gap: 12px; margin: 20px 0;\">\n<div style=\"background-color: #d4e9f0; padding: 12px; border-radius: 10px; text-align: center; border: 2px solid #B8D4E0;\">\n<div style=\"font-size: 24px; margin-bottom: 5px;\">\ud83d\udc65<\/div>\n<div style=\"font-weight: bold; font-size: 12px; color: #2c3e50; margin-bottom: 3px;\">ID\u00c9AL POUR<\/div>\n<div style=\"font-size: 13px; color: #34495e;\">Interm\u00e9diaires\/Avanc\u00e9s<\/div>\n<\/div>\n<div style=\"background-color: #d4e9f0; padding: 12px; border-radius: 10px; text-align: center; border: 2px solid #B8D4E0;\">\n<div style=\"font-size: 24px; margin-bottom: 5px;\">\ud83c\udf0a<\/div>\n<div style=\"font-weight: bold; font-size: 12px; color: #2c3e50; margin-bottom: 3px;\">HAUTEUR VAGUES<\/div>\n<div style=\"font-size: 13px; color: #34495e;\">Taille taille \u00e0 \u00e9paule (1-2 m)<\/div>\n<\/div>\n<div style=\"background-color: #d4e9f0; padding: 12px; border-radius: 10px; text-align: center; border: 2px solid #B8D4E0;\">\n<div style=\"font-size: 24px; margin-bottom: 5px;\">\ud83c\udf21\ufe0f<\/div>\n<div style=\"font-weight: bold; font-size: 12px; color: #2c3e50; margin-bottom: 3px;\">TEMP. EAU<\/div>\n<div style=\"font-size: 13px; color: #34495e;\">16-18\u00b0C<\/div>\n<\/div>\n<div style=\"background-color: #d4e9f0; padding: 12px; border-radius: 10px; text-align: center; border: 2px solid #B8D4E0;\">\n<div style=\"font-size: 24px; margin-bottom: 5px;\">\ud83e\ude73<\/div>\n<div style=\"font-weight: bold; font-size: 12px; color: #2c3e50; margin-bottom: 3px;\">COMBINAISON<\/div>\n<div style=\"font-size: 13px; color: #34495e;\">4\/3mm \u00e0 3\/2mm<\/div>\n<\/div>\n<div style=\"background-color: #d4e9f0; padding: 12px; border-radius: 10px; text-align: center; border: 2px solid #B8D4E0;\">\n<div style=\"font-size: 24px; margin-bottom: 5px;\">\u2600\ufe0f<\/div>\n<div style=\"font-weight: bold; font-size: 12px; color: #2c3e50; margin-bottom: 3px;\">M\u00c9T\u00c9O<\/div>\n<div style=\"font-size: 13px; color: #34495e;\">Variable, conditions propres fr\u00e9quentes<\/div>\n<\/div>\n<div style=\"background-color: #d4e9f0; padding: 12px; border-radius: 10px; text-align: center; border: 2px solid #B8D4E0;\">\n<div style=\"font-size: 24px; margin-bottom: 5px;\">\ud83d\udc6b<\/div>\n<div style=\"font-weight: bold; font-size: 12px; color: #2c3e50; margin-bottom: 3px;\">AFFLUENCE<\/div>\n<div style=\"font-size: 13px; color: #34495e;\">Faible-Moyenne<\/div>\n<\/div>\n<\/div>\n<h3>Saison Hiver (D\u00e9cembre-F\u00e9vrier)<\/h3>\n<p>L&rsquo;hiver d\u00e9livre des vagues puissantes de 2-5+ m pour experts dans une eau froide de 14-16\u00b0C n\u00e9cessitant combinaisons 4\/3mm \u00e0 5\/4mm avec chaussons et cagoule. Apr\u00e8s avoir exp\u00e9riment\u00e9 des sessions hivernales, je confirme que c&rsquo;est quand les surfeurs s\u00e9rieux chassent les grosses houles avec des foules minimales. Nazar\u00e9 produit ses vagues g\u00e9antes l\u00e9gendaires.<\/p>\n<div style=\"display: grid; grid-template-columns: repeat(auto-fit, minmax(150px, 1fr)); gap: 12px; margin: 20px 0;\">\n<div style=\"background-color: #d4e9f0; padding: 12px; border-radius: 10px; text-align: center; border: 2px solid #B8D4E0;\">\n<div style=\"font-size: 24px; margin-bottom: 5px;\">\ud83d\udc65<\/div>\n<div style=\"font-weight: bold; font-size: 12px; color: #2c3e50; margin-bottom: 3px;\">ID\u00c9AL POUR<\/div>\n<div style=\"font-size: 13px; color: #34495e;\">Avanc\u00e9s\/Experts<\/div>\n<\/div>\n<div style=\"background-color: #d4e9f0; padding: 12px; border-radius: 10px; text-align: center; border: 2px solid #B8D4E0;\">\n<div style=\"font-size: 24px; margin-bottom: 5px;\">\ud83c\udf0a<\/div>\n<div style=\"font-weight: bold; font-size: 12px; color: #2c3e50; margin-bottom: 3px;\">HAUTEUR VAGUES<\/div>\n<div style=\"font-size: 13px; color: #34495e;\">T\u00eate \u00e0 double overhead (2-5+ m), Nazar\u00e9 10-30 m<\/div>\n<\/div>\n<div style=\"background-color: #d4e9f0; padding: 12px; border-radius: 10px; text-align: center; border: 2px solid #B8D4E0;\">\n<div style=\"font-size: 24px; margin-bottom: 5px;\">\ud83c\udf21\ufe0f<\/div>\n<div style=\"font-weight: bold; font-size: 12px; color: #2c3e50; margin-bottom: 3px;\">TEMP. EAU<\/div>\n<div style=\"font-size: 13px; color: #34495e;\">14-16\u00b0C<\/div>\n<\/div>\n<div style=\"background-color: #d4e9f0; padding: 12px; border-radius: 10px; text-align: center; border: 2px solid #B8D4E0;\">\n<div style=\"font-size: 24px; margin-bottom: 5px;\">\ud83e\ude73<\/div>\n<div style=\"font-weight: bold; font-size: 12px; color: #2c3e50; margin-bottom: 3px;\">COMBINAISON<\/div>\n<div style=\"font-size: 13px; color: #34495e;\">4\/3mm \u00e0 5\/4mm + chaussons\/cagoule<\/div>\n<\/div>\n<div style=\"background-color: #d4e9f0; padding: 12px; border-radius: 10px; text-align: center; border: 2px solid #B8D4E0;\">\n<div style=\"font-size: 24px; margin-bottom: 5px;\">\u2600\ufe0f<\/div>\n<div style=\"font-weight: bold; font-size: 12px; color: #2c3e50; margin-bottom: 3px;\">M\u00c9T\u00c9O<\/div>\n<div style=\"font-size: 13px; color: #34495e;\">Frais, temp\u00eates fr\u00e9quentes, conditions puissantes<\/div>\n<\/div>\n<div style=\"background-color: #d4e9f0; padding: 12px; border-radius: 10px; text-align: center; border: 2px solid #B8D4E0;\">\n<div style=\"font-size: 24px; margin-bottom: 5px;\">\ud83d\udc6b<\/div>\n<div style=\"font-weight: bold; font-size: 12px; color: #2c3e50; margin-bottom: 3px;\">AFFLUENCE<\/div>\n<div style=\"font-size: 13px; color: #34495e;\">Faible<\/div>\n<\/div>\n<\/div>\n<h2>Conseils Pratiques pour Surfer au Portugal<\/h2>\n<h3>Quelle Combinaison Avez-Vous Besoin ?<\/h3>\n<p>Apr\u00e8s des ann\u00e9es \u00e0 surfer au Portugal \u00e0 travers toutes les saisons :<\/p>\n<p><strong>\u00c9t\u00e9 (Juin-Ao\u00fbt) :<\/strong> Combinaison int\u00e9grale 3\/2mm ou springsuit 2mm pour eau 18-22\u00b0C. Surfeurs avanc\u00e9s vont parfois en boardshort uniquement pendant les p\u00e9riodes les plus chaudes.<\/p>\n<p><strong>Printemps\/Automne (Mars-Mai, Septembre-Novembre) :<\/strong> Combinaison int\u00e9grale 3\/2mm \u00e0 4\/3mm pour eau 14-18\u00b0C. Combinaison la plus polyvalente pour surfeurs visiteurs. Je recommande chaussons pour d\u00e9but printemps et fin automne.<\/p>\n<p><strong>Hiver (D\u00e9cembre-F\u00e9vrier) :<\/strong> 4\/3mm ou 5\/4mm avec cagoule pour eau 14-16\u00b0C. Chaussons essentiels (5mm), gants recommand\u00e9s pour sessions d\u00e9passant 90 minutes.<\/p>\n<p><strong>Le nord du Portugal tourne 2\u00b0C plus froid<\/strong> que le sud-ouest toute l&rsquo;ann\u00e9e.<\/p>\n<h3>Location Planche de Surf et Mat\u00e9riel<\/h3>\n<p><strong>Tarifs Location Journali\u00e8re :<\/strong> Planches mousse d\u00e9butants 15-20\u20ac\/jour, planches fibre shortboards 20-25\u20ac\/jour, longboards 25-30\u20ac\/jour.<\/p>\n<p><strong>Tarifs Hebdomadaires :<\/strong> 100-150\u20ac pour shortboard semaine (meilleure valeur pour voyages 5+ jours).<\/p>\n<p>Pour choisir la <a href=\"https:\/\/www.lois-guillermond.com\/fr\/surf-culture\/surfboard-size-chart\/\">bonne taille de planche, <\/a>utilisez un <a href=\"https:\/\/www.lois-guillermond.com\/fr\/surf-culture\/calculer-volume-surf\/\">calculateur de volume de planche<\/a>.<\/p>\n<div style=\"background-color: #f9f9f9; border: 1px solid #ddd; padding: 20px; margin: 24px 0;\">\n<h4 style=\"margin-top: 0;\"><strong>\u00c9quipement Surf Essentiel pour le Portugal<\/strong><\/h4>\n<div style=\"margin-bottom: 0;\">\u2610 <a href=\"\/fr\/test-matos\/meilleurs-combinaisons-de-surf\/\">Combinaison de surf<\/a> (3\/2mm la plus polyvalente) ou louer sur place<br \/>\u2610 Lycra pour sous combinaison ou journ\u00e9es d&rsquo;\u00e9t\u00e9 chaudes<br \/>\u2610 <a href=\"\/fr\/test-matos\/meilleures-montre-surf\/\">Montre surf<\/a> pour tracker mar\u00e9es et sessions<\/div>\n<div style=\"margin-bottom: 0;\">\u2610 <a href=\"https:\/\/www.lois-guillermond.com\/fr\/test-matos\/meilleurs-chapeau-de-surf\/\">Chapeau de surf<\/a> pour se prot\u00e9ger du soleil<br \/>\u2610 Housse planche si voyage avec \u00e9quipement (compagnies facturent 50-100\u20ac par trajet)<br \/>\u2610 Cr\u00e8me solaire reef-safe SPF 30+ r\u00e9sistante \u00e0 l&rsquo;eau<br \/>\u2610 Wax surf adapt\u00e9e temp\u00e9rature eau<br \/>\u2610 Leash (6-7ft shortboards, 8-9ft longboards)<br \/>\u2610 Chaussons\/cagoule\/gants pour sessions hiver (n\u00e9opr\u00e8ne 5mm)<br \/>\u2610 Peignoir\/serviette pour changements parking plage<br \/>\u2610 Premiers secours basiques (pansements waterproof, antiseptique)<\/div>\n<\/div>\n<h3>\u00c9tiquette Surf et Localisme<\/h3>\n<p>Apr\u00e8s avoir navigu\u00e9 les line-ups portugais pendant des ann\u00e9es :<\/p>\n<p><strong>R\u00e8gles Basiques :<\/strong> Le surfeur le plus proche du pic a priorit\u00e9. \u00c9vitez de dropper. En pagayant, n&rsquo;interf\u00e9rez pas avec les riders. Attendez votre tour\u2014ne snakez pas. Communiquez clairement sur les pics A-frame. Partagez les vagues.<\/p>\n<p><strong>G\u00e9rer le Localisme :<\/strong> Des spots comme Coxos, Cave, et certaines sections de Peniche maintiennent une pr\u00e9sence locale forte. Je recommande d&rsquo;observer le line-up 10-15 minutes avant de pagayer, laisser les locaux avoir priorit\u00e9 sur les premi\u00e8res vagues, montrer courtoisie, et \u00e9viter les matins de week-end de pointe.<\/p>\n<h2>Surf Camps &amp; \u00c9coles au Portugal<\/h2>\n<h3>Meilleurs Surf Camps<\/h3>\n<p><strong>Baleal Surf Camp (Peniche) :<\/strong> L&rsquo;un des premiers camps ouverts au Portugal. H\u00e9bergement hostel ou appartements priv\u00e9s, \u00e9cole de surf certifi\u00e9e, excellent rapport qualit\u00e9-prix. Situ\u00e9 \u00e0 Praia do Baleal Campismo \u00e0 c\u00f4t\u00e9 de Baleal sur le spot connu comme Cantinho da Ba\u00eda.<\/p>\n<p><strong>Ocean Adventure (Plusieurs R\u00e9gions) :<\/strong> Op\u00e8re des camps \u00e0 Nazar\u00e9, Costa da Caparica, Ericeira, Lagos (Algarve), et m\u00eame A\u00e7ores. Le\u00e7ons surf tous niveaux, h\u00e9bergement convivial, sessions quotidiennes plus yoga. Ambiance internationale.<\/p>\n<p><strong>Pure Surfcamps (Ericeira &amp; Algarve) :<\/strong> Camps modernes avec piscine et vues mer. Packages tout compris avril-octobre. Situ\u00e9s pr\u00e8s des meilleurs spots d&rsquo;Ericeira et de l&rsquo;Algarve.<\/p>\n<h3>Top \u00c9coles de Surf par R\u00e9gion<\/h3>\n<p><strong>Peniche\/Baleal :<\/strong> Baleal Surf School (ISA certifi\u00e9, multi-niveaux), Peniche Surfcamp (petits groupes). Tarifs : 35-45\u20ac le\u00e7on groupe, 60-80\u20ac priv\u00e9.<\/p>\n<p><strong>Ericeira :<\/strong> Ericeira Surf School (anglophones), Soul Surf School (analyse vid\u00e9o), multiple options. Tarifs 40-50\u20ac\/le\u00e7on, op\u00e9ration toute l&rsquo;ann\u00e9e.<\/p>\n<p><strong>Algarve :<\/strong> Algarve Surf School (focus s\u00e9curit\u00e9 eau froide hiver), Lagos Surf Center (d\u00e9butants sp\u00e9cialis\u00e9s). Tarifs 35-45\u20ac\/le\u00e7on.<\/p>\n<div style=\"background-color: #f9f9f9; border: 1px solid #ddd; padding: 20px; margin: 24px 0;\">\n<h4 style=\"margin-top: 0;\"><strong>Comment Choisir un Surf Camp ou \u00c9cole<\/strong><\/h4>\n<div style=\"margin-bottom: 0;\">\u2610 Correspondre \u00e0 votre niveau (programmes d\u00e9butant, interm\u00e9diaire, avanc\u00e9)<br \/>\u2610 V\u00e9rifier qualifications instructeurs (certification ISA ou F\u00e9d\u00e9ration Portugaise Surf)<br \/>\u2610 L&#8217;emplacement compte (front de plage vs ville pour vie nocturne)<br \/>\u2610 V\u00e9rifier ce qui est inclus (combinaison, planche, h\u00e9bergement, repas, transport)<br \/>\u2610 Timing saison (\u00e9t\u00e9 pour d\u00e9butants, septembre meilleure valeur, avril-mai pour deals)<br \/>\u2610 Packages multi-jours (camps semaine 500-2000\u20ac offrent meilleure valeur que le\u00e7ons quotidiennes)<br \/>\u2610 Instructeurs anglophones disponibles dans la plupart des grandes \u00e9coles<\/div>\n<\/div>\n<h2>O\u00f9 Loger au Portugal<\/h2>\n<h3>Options Budget (30-50\u20ac\/jour)<\/h3>\n<p>Camping (15-25\u20ac\/nuit) et auberges fournissent des bases abordables. Apr\u00e8s avoir voyag\u00e9 budget ici, je recommande l&rsquo;auto-restauration pour r\u00e9duire les co\u00fbts nourriture de 30-40\u20ac\/jour \u00e0 10-15\u20ac. Multiples campings \u00e0 travers Peniche, Ericeira, et Algarve.<\/p>\n<h3>Milieu de Gamme (80-120\u20ac\/jour)<\/h3>\n<p>H\u00f4tels et Airbnbs (40-60\u20ac\/nuit) avec mix de restaurants et auto-restauration. Cela \u00e9quilibre confort avec co\u00fbts raisonnables pour voyages d&rsquo;une semaine.<\/p>\n<h3>Premium (150\u20ac+\/jour)<\/h3>\n<p>H\u00f4tels de qualit\u00e9 et villas (80-120\u20ac\/nuit) avec restaurants. Ericeira et Cascais offrent h\u00e9bergements haut de gamme pr\u00e8s des breaks premium.<\/p>\n<h2>Au-Del\u00e0 du Surf : Culture C\u00f4ti\u00e8re Portugaise<\/h2>\n<h3>Nourriture et Vin<\/h3>\n<p><strong>Plats Incontournables :<\/strong> Bacalhau frais (morue), sardines grill\u00e9es, past\u00e9is de nata (tartes cr\u00e8me), a\u00e7orda (soupe pain), caldeirada (rago\u00fbt poisson), fruits de mer frais.<\/p>\n<p><strong>R\u00e9gions Vinicoles :<\/strong> La vall\u00e9e du Douro (vins de Porto) et l&rsquo;Alentejo se situent \u00e0 quelques heures de route. Je recommande combiner voyages surf avec d\u00e9gustations de vin.<\/p>\n<h3>Attractions Culturelles<\/h3>\n<p><strong>Lisbonne :<\/strong> Ville des Sept Collines, une des plus belles villes au monde. Lumi\u00e8re incroyable, gens sympas, beaucoup \u00e0 voir des restaurants et bars aux quartiers anciens. 30 minutes de Carcavelos.<\/p>\n<p><strong>Porto :<\/strong> Ville UNESCO Patrimoine Mondial une heure de Viana do Castelo. Architecture m\u00e9di\u00e9vale \u00e9poustouflante, caves \u00e0 vin, promenades riveraines. Excursions d&rsquo;une journ\u00e9e s&rsquo;int\u00e8grent facilement entre sessions surf.<\/p>\n<p><strong>Algarve :<\/strong> Grottes marines spectaculaires, falaises dor\u00e9es, villages de p\u00eacheurs traditionnels. Kayak de mer et exploration c\u00f4ti\u00e8re compl\u00e8tent surf trips.<\/p>\n<p>Le Portugal continue de d\u00e9livrer certaines de mes sessions surf les plus m\u00e9morables\u2014des barrels d&rsquo;automne parfaits \u00e0 Supertubos aux bombes hivernales \u00e0 Nazar\u00e9. La combinaison de vagues de classe mondiale, culture surf profonde, et nourriture et vin incroyables cr\u00e9e des exp\u00e9riences qui vont bien au-del\u00e0 de juste attraper des vagues. Que vous appreniez \u00e0 Cantinho da Ba\u00eda, progressiez \u00e0 Ericeira, ou chargiez Coxos, la culture surf portugaise vous accueille. R\u00e9servez votre h\u00e9bergement septembre t\u00f4t, emballez la bonne combinaison, et pr\u00e9parez-vous \u00e0 exp\u00e9rimenter une des capitales surf d&rsquo;Europe. At\u00e9 breve na \u00e1gua!<\/p>\n<h2>Questions Fr\u00e9quemment Pos\u00e9es<\/h2>\n\n\n<div data-wp-context=\"{ &quot;autoclose&quot;: false, &quot;accordionItems&quot;: [] }\" data-wp-interactive=\"core\/accordion\" role=\"group\" class=\"wp-block-accordion is-layout-flow wp-block-accordion-is-layout-flow\">\n<div data-wp-class--is-open=\"state.isOpen\" data-wp-context=\"{ &quot;id&quot;: &quot;accordion-item-1&quot;, &quot;openByDefault&quot;: false }\" data-wp-init=\"callbacks.initAccordionItems\" data-wp-on-window--hashchange=\"callbacks.hashChange\" class=\"wp-block-accordion-item is-layout-flow wp-block-accordion-item-is-layout-flow\">\n<h3 class=\"wp-block-accordion-heading\"><button aria-expanded=\"false\" aria-controls=\"accordion-item-1-panel\" data-wp-bind--aria-expanded=\"state.isOpen\" data-wp-on--click=\"actions.toggle\" data-wp-on--keydown=\"actions.handleKeyDown\" id=\"accordion-item-1\" type=\"button\" class=\"wp-block-accordion-heading__toggle\"><span class=\"wp-block-accordion-heading__toggle-title\">Le Portugal est-il bon pour le surf ?<\/span><span class=\"wp-block-accordion-heading__toggle-icon\" aria-hidden=\"true\">+<\/span><\/button><\/h3>\n\n\n\n<div inert aria-labelledby=\"accordion-item-1\" data-wp-bind--inert=\"!state.isOpen\" id=\"accordion-item-1-panel\" role=\"region\" class=\"wp-block-accordion-panel is-layout-flow wp-block-accordion-panel-is-layout-flow\">\n<p>Oui. Apr\u00e8s avoir surf\u00e9 \u00e0 travers l&rsquo;Europe, je classe le Portugal parmi les destinations premi\u00e8res du continent avec des vagues consistantes toute l&rsquo;ann\u00e9e et une infrastructure de classe mondiale. La c\u00f4te atlantique d\u00e9livre tout, des vagues douces pour d\u00e9butants aux barrels lourds pour experts. Plus de 100 \u00e9coles de surf garantissent d&rsquo;excellentes installations et communaut\u00e9.<br>\u00a0<\/p>\n<\/div>\n<\/div>\n<\/div>\n\n\n\n<div data-wp-context=\"{ &quot;autoclose&quot;: false, &quot;accordionItems&quot;: [] }\" data-wp-interactive=\"core\/accordion\" role=\"group\" class=\"wp-block-accordion is-layout-flow wp-block-accordion-is-layout-flow\">\n<div data-wp-class--is-open=\"state.isOpen\" data-wp-context=\"{ &quot;id&quot;: &quot;accordion-item-2&quot;, &quot;openByDefault&quot;: false }\" data-wp-init=\"callbacks.initAccordionItems\" data-wp-on-window--hashchange=\"callbacks.hashChange\" class=\"wp-block-accordion-item is-layout-flow wp-block-accordion-item-is-layout-flow\">\n<h3 class=\"wp-block-accordion-heading\"><button aria-expanded=\"false\" aria-controls=\"accordion-item-2-panel\" data-wp-bind--aria-expanded=\"state.isOpen\" data-wp-on--click=\"actions.toggle\" data-wp-on--keydown=\"actions.handleKeyDown\" id=\"accordion-item-2\" type=\"button\" class=\"wp-block-accordion-heading__toggle\"><span class=\"wp-block-accordion-heading__toggle-title\">Quand est le meilleur moment pour surfer au Portugal ?<\/span><span class=\"wp-block-accordion-heading__toggle-icon\" aria-hidden=\"true\">+<\/span><\/button><\/h3>\n\n\n\n<div inert aria-labelledby=\"accordion-item-2\" data-wp-bind--inert=\"!state.isOpen\" id=\"accordion-item-2-panel\" role=\"region\" class=\"wp-block-accordion-panel is-layout-flow wp-block-accordion-panel-is-layout-flow\">\n<p>Septembre et octobre offrent des conditions optimales\u2014houles consistantes de 1-2,5 m, vents offshore, eau chaude (17-19\u00b0C), et moins de foules qu&rsquo;en \u00e9t\u00e9. Je recommande le printemps pour interm\u00e9diaires avec bonnes vagues et foules l\u00e9g\u00e8res. L&rsquo;\u00e9t\u00e9 (juin-ao\u00fbt) meilleur pour d\u00e9butants avec vagues plus petites et eau la plus chaude. L&rsquo;hiver d\u00e9livre vagues puissantes pour experts dans eau froide.<\/p>\n<\/div>\n<\/div>\n<\/div>\n\n\n\n<div data-wp-context=\"{ &quot;autoclose&quot;: false, &quot;accordionItems&quot;: [] }\" data-wp-interactive=\"core\/accordion\" role=\"group\" class=\"wp-block-accordion is-layout-flow wp-block-accordion-is-layout-flow\">\n<div data-wp-class--is-open=\"state.isOpen\" data-wp-context=\"{ &quot;id&quot;: &quot;accordion-item-3&quot;, &quot;openByDefault&quot;: false }\" data-wp-init=\"callbacks.initAccordionItems\" data-wp-on-window--hashchange=\"callbacks.hashChange\" class=\"wp-block-accordion-item is-layout-flow wp-block-accordion-item-is-layout-flow\">\n<h3 class=\"wp-block-accordion-heading\"><button aria-expanded=\"false\" aria-controls=\"accordion-item-3-panel\" data-wp-bind--aria-expanded=\"state.isOpen\" data-wp-on--click=\"actions.toggle\" data-wp-on--keydown=\"actions.handleKeyDown\" id=\"accordion-item-3\" type=\"button\" class=\"wp-block-accordion-heading__toggle\"><span class=\"wp-block-accordion-heading__toggle-title\">Quelle est la capitale surf du Portugal ?<\/span><span class=\"wp-block-accordion-heading__toggle-icon\" aria-hidden=\"true\">+<\/span><\/button><\/h3>\n\n\n\n<div inert aria-labelledby=\"accordion-item-3\" data-wp-bind--inert=\"!state.isOpen\" id=\"accordion-item-3-panel\" role=\"region\" class=\"wp-block-accordion-panel is-layout-flow wp-block-accordion-panel-is-layout-flow\">\n<p>Peniche est la capitale surf incontest\u00e9e du Portugal, accueillant des \u00e9v\u00e9nements WSL Championship Tour et produisant des barrels de renomm\u00e9e mondiale \u00e0 Supertubos. Apr\u00e8s avoir regard\u00e9 plusieurs comp\u00e9titions ici, je comprends pourquoi le canyon de Nazar\u00e9 cr\u00e9e des vagues si puissantes. Ericeira d\u00e9tient l&rsquo;importance historique comme premi\u00e8re World Surfing Reserve d&rsquo;Europe continentale.<\/p>\n<\/div>\n<\/div>\n<\/div>\n\n\n\n<div data-wp-context=\"{ &quot;autoclose&quot;: false, &quot;accordionItems&quot;: [] }\" data-wp-interactive=\"core\/accordion\" role=\"group\" class=\"wp-block-accordion is-layout-flow wp-block-accordion-is-layout-flow\">\n<div data-wp-class--is-open=\"state.isOpen\" data-wp-context=\"{ &quot;id&quot;: &quot;accordion-item-4&quot;, &quot;openByDefault&quot;: false }\" data-wp-init=\"callbacks.initAccordionItems\" data-wp-on-window--hashchange=\"callbacks.hashChange\" class=\"wp-block-accordion-item is-layout-flow wp-block-accordion-item-is-layout-flow\">\n<h3 class=\"wp-block-accordion-heading\"><button aria-expanded=\"false\" aria-controls=\"accordion-item-4-panel\" data-wp-bind--aria-expanded=\"state.isOpen\" data-wp-on--click=\"actions.toggle\" data-wp-on--keydown=\"actions.handleKeyDown\" id=\"accordion-item-4\" type=\"button\" class=\"wp-block-accordion-heading__toggle\"><span class=\"wp-block-accordion-heading__toggle-title\">Les d\u00e9butants peuvent-ils surfer au Portugal ?\u00a0<\/span><span class=\"wp-block-accordion-heading__toggle-icon\" aria-hidden=\"true\">+<\/span><\/button><\/h3>\n\n\n\n<div inert aria-labelledby=\"accordion-item-4\" data-wp-bind--inert=\"!state.isOpen\" id=\"accordion-item-4-panel\" role=\"region\" class=\"wp-block-accordion-panel is-layout-flow wp-block-accordion-panel-is-layout-flow\">\n<p>Absolument. Le Portugal offre une excellente infrastructure d\u00e9butants avec 100+ \u00e9coles de surf certifi\u00e9es, vagues douces en \u00e9t\u00e9 (0,6-1,5 m), fonds sablonneux, et eau chaude (18-22\u00b0C). Je recommande Cantinho da Ba\u00eda, Arrifana, Foz do Lizandro, et Carcavelos pour les primo-arrivants. L&rsquo;\u00e9t\u00e9 (juin-ao\u00fbt) offre les meilleures conditions.<br>\u00a0<\/p>\n<\/div>\n<\/div>\n<\/div>\n\n\n\n<div data-wp-context=\"{ &quot;autoclose&quot;: false, &quot;accordionItems&quot;: [] }\" data-wp-interactive=\"core\/accordion\" role=\"group\" class=\"wp-block-accordion is-layout-flow wp-block-accordion-is-layout-flow\">\n<div data-wp-class--is-open=\"state.isOpen\" data-wp-context=\"{ &quot;id&quot;: &quot;accordion-item-5&quot;, &quot;openByDefault&quot;: false }\" data-wp-init=\"callbacks.initAccordionItems\" data-wp-on-window--hashchange=\"callbacks.hashChange\" class=\"wp-block-accordion-item is-layout-flow wp-block-accordion-item-is-layout-flow\">\n<h3 class=\"wp-block-accordion-heading\"><button aria-expanded=\"false\" aria-controls=\"accordion-item-5-panel\" data-wp-bind--aria-expanded=\"state.isOpen\" data-wp-on--click=\"actions.toggle\" data-wp-on--keydown=\"actions.handleKeyDown\" id=\"accordion-item-5\" type=\"button\" class=\"wp-block-accordion-heading__toggle\"><span class=\"wp-block-accordion-heading__toggle-title\">Avez-vous besoin d&rsquo;une combinaison pour surfer au Portugal ?<\/span><span class=\"wp-block-accordion-heading__toggle-icon\" aria-hidden=\"true\">+<\/span><\/button><\/h3>\n\n\n\n<div inert aria-labelledby=\"accordion-item-5\" data-wp-bind--inert=\"!state.isOpen\" id=\"accordion-item-5-panel\" role=\"region\" class=\"wp-block-accordion-panel is-layout-flow wp-block-accordion-panel-is-layout-flow\">\n<p>Oui, les combinaisons sont n\u00e9cessaires toute l&rsquo;ann\u00e9e. Apr\u00e8s avoir surf\u00e9 toutes saisons : L&rsquo;\u00e9t\u00e9 n\u00e9cessite combinaison int\u00e9grale 3\/2mm pour eau 18-22\u00b0C. Printemps\/Automne requiert 3\/2mm \u00e0 4\/3mm pour 14-18\u00b0C. L&rsquo;hiver exige 4\/3mm \u00e0 5\/4mm avec chaussons et cagoule pour 14-16\u00b0C. Le nord tourne 2\u00b0C plus froid que le sud-ouest.<\/p>\n<\/div>\n<\/div>\n<\/div>\n\n\n\n<div data-wp-context=\"{ &quot;autoclose&quot;: false, &quot;accordionItems&quot;: [] }\" data-wp-interactive=\"core\/accordion\" role=\"group\" class=\"wp-block-accordion is-layout-flow wp-block-accordion-is-layout-flow\">\n<div data-wp-class--is-open=\"state.isOpen\" data-wp-context=\"{ &quot;id&quot;: &quot;accordion-item-6&quot;, &quot;openByDefault&quot;: false }\" data-wp-init=\"callbacks.initAccordionItems\" data-wp-on-window--hashchange=\"callbacks.hashChange\" class=\"wp-block-accordion-item is-layout-flow wp-block-accordion-item-is-layout-flow\">\n<h3 class=\"wp-block-accordion-heading\"><button aria-expanded=\"false\" aria-controls=\"accordion-item-6-panel\" data-wp-bind--aria-expanded=\"state.isOpen\" data-wp-on--click=\"actions.toggle\" data-wp-on--keydown=\"actions.handleKeyDown\" id=\"accordion-item-6\" type=\"button\" class=\"wp-block-accordion-heading__toggle\"><span class=\"wp-block-accordion-heading__toggle-title\">\u00c0 quel point les spots de surf portugais sont-ils bond\u00e9s ?<\/span><span class=\"wp-block-accordion-heading__toggle-icon\" aria-hidden=\"true\">+<\/span><\/button><\/h3>\n\n\n\n<div inert aria-labelledby=\"accordion-item-6\" data-wp-bind--inert=\"!state.isOpen\" id=\"accordion-item-6-panel\" role=\"region\" class=\"wp-block-accordion-panel is-layout-flow wp-block-accordion-panel-is-layout-flow\">\n<p>L&rsquo;\u00e9t\u00e9 (juin-ao\u00fbt) apporte de lourdes foules aux spots c\u00e9l\u00e8bres\u2014j&rsquo;ai vu 100+ surfeurs \u00e0 Carcavelos. Septembre-octobre voient des foules mod\u00e9r\u00e9es pendant les \u00e9v\u00e9nements WSL. L&rsquo;hiver et le printemps pr\u00e9sentent des foules minimales. Je recommande les spots moins connus comme Viana do Castelo et Costa da Caparica pour soulagement toute l&rsquo;ann\u00e9e, ou surfer t\u00f4t le matin (7-9h) pour \u00e9viter les foules de pointe.<\/p>\n<\/div>\n<\/div>\n<\/div>\n\n\n\n<div data-wp-context=\"{ &quot;autoclose&quot;: false, &quot;accordionItems&quot;: [] }\" data-wp-interactive=\"core\/accordion\" role=\"group\" class=\"wp-block-accordion is-layout-flow wp-block-accordion-is-layout-flow\">\n<div data-wp-class--is-open=\"state.isOpen\" data-wp-context=\"{ &quot;id&quot;: &quot;accordion-item-7&quot;, &quot;openByDefault&quot;: false }\" data-wp-init=\"callbacks.initAccordionItems\" data-wp-on-window--hashchange=\"callbacks.hashChange\" class=\"wp-block-accordion-item is-layout-flow wp-block-accordion-item-is-layout-flow\">\n<h3 class=\"wp-block-accordion-heading\"><button aria-expanded=\"false\" aria-controls=\"accordion-item-7-panel\" data-wp-bind--aria-expanded=\"state.isOpen\" data-wp-on--click=\"actions.toggle\" data-wp-on--keydown=\"actions.handleKeyDown\" id=\"accordion-item-7\" type=\"button\" class=\"wp-block-accordion-heading__toggle\"><span class=\"wp-block-accordion-heading__toggle-title\">Y a-t-il du surf en M\u00e9diterran\u00e9e portugaise ?<\/span><span class=\"wp-block-accordion-heading__toggle-icon\" aria-hidden=\"true\">+<\/span><\/button><\/h3>\n\n\n\n<div inert aria-labelledby=\"accordion-item-7\" data-wp-bind--inert=\"!state.isOpen\" id=\"accordion-item-7-panel\" role=\"region\" class=\"wp-block-accordion-panel is-layout-flow wp-block-accordion-panel-is-layout-flow\">\n<p>Le Portugal n&rsquo;a pas de c\u00f4te m\u00e9diterran\u00e9enne\u2014tout le littoral fait face \u00e0 l&rsquo;oc\u00e9an Atlantique. Cependant, l&rsquo;Algarve sud a des plages orient\u00e9es sud qui sont plus abrit\u00e9es et offrent des vagues plus petites, le rendant id\u00e9al pour d\u00e9butants et sessions hiver quand le nord devient trop gros.<\/p>\n<\/div>\n<\/div>\n<\/div>\n\n\n\n<div data-wp-context=\"{ &quot;autoclose&quot;: false, &quot;accordionItems&quot;: [] }\" data-wp-interactive=\"core\/accordion\" role=\"group\" class=\"wp-block-accordion is-layout-flow wp-block-accordion-is-layout-flow\">\n<div data-wp-class--is-open=\"state.isOpen\" data-wp-context=\"{ &quot;id&quot;: &quot;accordion-item-9&quot;, &quot;openByDefault&quot;: false }\" data-wp-init=\"callbacks.initAccordionItems\" data-wp-on-window--hashchange=\"callbacks.hashChange\" class=\"wp-block-accordion-item is-layout-flow wp-block-accordion-item-is-layout-flow\">\n<h3 class=\"wp-block-accordion-heading\"><button aria-expanded=\"false\" aria-controls=\"accordion-item-9-panel\" data-wp-bind--aria-expanded=\"state.isOpen\" data-wp-on--click=\"actions.toggle\" data-wp-on--keydown=\"actions.handleKeyDown\" id=\"accordion-item-9\" type=\"button\" class=\"wp-block-accordion-heading__toggle\"><span class=\"wp-block-accordion-heading__toggle-title\">Comment se rendre aux spots de surf portugais ?<\/span><span class=\"wp-block-accordion-heading__toggle-icon\" aria-hidden=\"true\">+<\/span><\/button><\/h3>\n\n\n\n<div inert aria-labelledby=\"accordion-item-9\" data-wp-bind--inert=\"!state.isOpen\" id=\"accordion-item-9-panel\" role=\"region\" class=\"wp-block-accordion-panel is-layout-flow wp-block-accordion-panel-is-layout-flow\">\n<p>Voler vers Lisbonne (pour Peniche, Ericeira, c\u00f4te centre) ou Porto (pour nord) ou Faro (pour Algarve). Les trois a\u00e9roports offrent locations de voiture essentielles pour voyage surf. Je recommande louer une voiture car les villes surf du Portugal se situent \u00e0 30 min-2 heures des a\u00e9roports majeurs.<\/p>\n\n\n\n<div data-wp-context=\"{ &quot;autoclose&quot;: false, &quot;accordionItems&quot;: [] }\" data-wp-interactive=\"core\/accordion\" role=\"group\" class=\"wp-block-accordion is-layout-flow wp-block-accordion-is-layout-flow\">\n<div data-wp-class--is-open=\"state.isOpen\" data-wp-context=\"{ &quot;id&quot;: &quot;accordion-item-8&quot;, &quot;openByDefault&quot;: false }\" data-wp-init=\"callbacks.initAccordionItems\" data-wp-on-window--hashchange=\"callbacks.hashChange\" class=\"wp-block-accordion-item is-layout-flow wp-block-accordion-item-is-layout-flow\">\n<h3 class=\"wp-block-accordion-heading\"><button aria-expanded=\"false\" aria-controls=\"accordion-item-8-panel\" data-wp-bind--aria-expanded=\"state.isOpen\" data-wp-on--click=\"actions.toggle\" data-wp-on--keydown=\"actions.handleKeyDown\" id=\"accordion-item-8\" type=\"button\" class=\"wp-block-accordion-heading__toggle\"><span class=\"wp-block-accordion-heading__toggle-title\">Peut-on surfer au Portugal toute l&rsquo;ann\u00e9e ?<\/span><span class=\"wp-block-accordion-heading__toggle-icon\" aria-hidden=\"true\">+<\/span><\/button><\/h3>\n\n\n\n<div inert aria-labelledby=\"accordion-item-8\" data-wp-bind--inert=\"!state.isOpen\" id=\"accordion-item-8-panel\" role=\"region\" class=\"wp-block-accordion-panel is-layout-flow wp-block-accordion-panel-is-layout-flow\">\n<p>Oui. Apr\u00e8s avoir surf\u00e9 ici \u00e0 travers toutes saisons, je peux confirmer que la c\u00f4te atlantique re\u00e7oit des houles consistantes 300+ jours annuellement. L&rsquo;\u00e9t\u00e9 apporte les plus petites vagues mais l&rsquo;eau la plus chaude. L&rsquo;automne d\u00e9livre les meilleures conditions globales. L&rsquo;hiver produit les plus grosses houles pour experts. Le printemps offre de bonnes conditions interm\u00e9diaires avec foules l\u00e9g\u00e8res.<br>\u00a0<\/p>\n<\/div>\n<\/div>\n<\/div>\n<\/div>\n<\/div>\n<\/div>\n","protected":false},"excerpt":{"rendered":"<p>Debout sur la plage de Supertubos \u00e0 regarder les tubes parfaits se d\u00e9rouler tandis que le WSL Championship Tour battait son plein, j&rsquo;ai enfin compris pourquoi le Portugal a gagn\u00e9 sa r\u00e9putation de capitale europ\u00e9enne du surf. Les 850 kilom\u00e8tres de c\u00f4tes portugaises d\u00e9livrent certaines des vagues les plus consistantes et puissantes du continent, ancr\u00e9es [&hellip;]<\/p>\n","protected":false},"author":1,"featured_media":932,"comment_status":"open","ping_status":"open","sticky":false,"template":"","format":"standard","meta":{"footnotes":""},"categories":[43],"tags":[],"class_list":{"0":"post-931","1":"post","2":"type-post","3":"status-publish","4":"format-standard","5":"has-post-thumbnail","7":"category-surf-trips"},"_links":{"self":[{"href":"https:\/\/www.lois-guillermond.com\/fr\/wp-json\/wp\/v2\/posts\/931","targetHints":{"allow":["GET"]}}],"collection":[{"href":"https:\/\/www.lois-guillermond.com\/fr\/wp-json\/wp\/v2\/posts"}],"about":[{"href":"https:\/\/www.lois-guillermond.com\/fr\/wp-json\/wp\/v2\/types\/post"}],"author":[{"embeddable":true,"href":"https:\/\/www.lois-guillermond.com\/fr\/wp-json\/wp\/v2\/users\/1"}],"replies":[{"embeddable":true,"href":"https:\/\/www.lois-guillermond.com\/fr\/wp-json\/wp\/v2\/comments?post=931"}],"version-history":[{"count":7,"href":"https:\/\/www.lois-guillermond.com\/fr\/wp-json\/wp\/v2\/posts\/931\/revisions"}],"predecessor-version":[{"id":1350,"href":"https:\/\/www.lois-guillermond.com\/fr\/wp-json\/wp\/v2\/posts\/931\/revisions\/1350"}],"wp:featuredmedia":[{"embeddable":true,"href":"https:\/\/www.lois-guillermond.com\/fr\/wp-json\/wp\/v2\/media\/932"}],"wp:attachment":[{"href":"https:\/\/www.lois-guillermond.com\/fr\/wp-json\/wp\/v2\/media?parent=931"}],"wp:term":[{"taxonomy":"category","embeddable":true,"href":"https:\/\/www.lois-guillermond.com\/fr\/wp-json\/wp\/v2\/categories?post=931"},{"taxonomy":"post_tag","embeddable":true,"href":"https:\/\/www.lois-guillermond.com\/fr\/wp-json\/wp\/v2\/tags?post=931"}],"curies":[{"name":"wp","href":"https:\/\/api.w.org\/{rel}","templated":true}]}}